{"id":305,"date":"2024-04-08T17:03:15","date_gmt":"2024-04-08T15:03:15","guid":{"rendered":"https:\/\/afref.eu\/?p=305"},"modified":"2024-04-08T17:03:28","modified_gmt":"2024-04-08T15:03:28","slug":"assemblee-generale-de-lafref-et-nouveau-ca-mars-2023","status":"publish","type":"post","link":"https:\/\/afref.eu\/index.php\/2024\/04\/08\/assemblee-generale-de-lafref-et-nouveau-ca-mars-2023\/","title":{"rendered":"Assembl\u00e9e g\u00e9n\u00e9rale de l\u2019Afref et nouveau CA &#8211; Mars 2023"},"content":{"rendered":"\n<p>Le 16 mars dernier a eu lieu l\u2019Assembl\u00e9e G\u00e9n\u00e9rale 2023 de l\u2019Afref. Avec le d\u00e9part de plusieurs administrateurs, dont Ren\u00e9 Bagorski et Catherine Nasser, respectivement pr\u00e9sident et secr\u00e9taire, de nouveaux Conseil d\u2019Administration et bureau se sont constitu\u00e9s.<\/p>\n\n\n\n<p>La derni\u00e8re Assembl\u00e9e G\u00e9n\u00e9rale de l\u2019Afref devait acter le d\u00e9part de Ren\u00e9 Bagorski, pr\u00e9sident de l\u2019association depuis plusieurs ann\u00e9es, en m\u00eame temps que celui de Catherine Nasser (secr\u00e9taire) et de quelques administrateurs.<\/p>\n\n\n\n<p>L\u2019enjeu de celle-ci \u00e9tait donc de constituer une nouvelle \u00e9quipe qui puisse assurer la succession de l\u2019association et le renouvellement de son action. C\u2019est ainsi que nous accueillons de nouveaux administrateurs et membres du bureau, dont la constitution est la suivante.<\/p>\n\n\n\n<p>Le bureau se compose de&nbsp;:<\/p>\n\n\n\n<ul class=\"wp-block-list\">\n<li>Patrick Waeles\u00a0: pr\u00e9sident,<\/li>\n\n\n\n<li>Fr\u00e9d\u00e9ric Ducasse\u00a0: tr\u00e9sorier,<\/li>\n\n\n\n<li>Elodie Salin\u00a0: secr\u00e9taire,<\/li>\n\n\n\n<li>Bernard Barbier.<\/li>\n<\/ul>\n\n\n\n<p>Au Conseil d\u2019Administration, si\u00e8gent \u00e9galement&nbsp;:<\/p>\n\n\n\n<ul class=\"wp-block-list\">\n<li>Michel Beaujard,<\/li>\n\n\n\n<li>Vincent Cibois,<\/li>\n\n\n\n<li>Marie Letonneur (CAFOC 75),<\/li>\n\n\n\n<li>St\u00e9phanie Dupr\u00e9,<\/li>\n\n\n\n<li>Marie-Luce Fily-Kerever,<\/li>\n\n\n\n<li>Sandra Jeansonnie,<\/li>\n\n\n\n<li>Hugues Lenoir (FCU),<\/li>\n\n\n\n<li>Pierrette Sorel.<\/li>\n<\/ul>\n\n\n\n<p>Avec ce changement de gouvernance, les semaines et mois \u00e0 venir seront certainement l\u2019occasion pour les membres de l\u2019Afref de r\u00e9fl\u00e9chir au projet de l\u2019association tout en assurant les \u00e9v\u00e8nements d\u00e9j\u00e0 programm\u00e9s, en particulier l\u2019Universit\u00e9 qui se tiendra en fin d\u2019ann\u00e9e.<\/p>\n","protected":false},"excerpt":{"rendered":"<p>Le 16 mars dernier a eu lieu l\u2019Assembl\u00e9e G\u00e9n\u00e9rale 2023 de l\u2019Afref. Avec le d\u00e9part de plusieurs administrateurs, dont Ren\u00e9 Bagorski et Catherine Nasser, respectivement pr\u00e9sident et secr\u00e9taire, de nouveaux Conseil d\u2019Administration et bureau se sont constitu\u00e9s. La derni\u00e8re Assembl\u00e9e G\u00e9n\u00e9rale de l\u2019Afref devait acter le d\u00e9part de Ren\u00e9 Bagorski, pr\u00e9sident de l\u2019association depuis plusieurs &hellip; <a href=\"https:\/\/afref.eu\/index.php\/2024\/04\/08\/assemblee-generale-de-lafref-et-nouveau-ca-mars-2023\/\" class=\"more-link\">Continuer la lecture<span class=\"screen-reader-text\"> de &laquo;&nbsp;Assembl\u00e9e g\u00e9n\u00e9rale de l\u2019Afref et nouveau CA &#8211; Mars 2023&nbsp;&raquo;<\/span><\/a><\/p>\n","protected":false},"author":1,"featured_media":293,"comment_status":"open","ping_status":"open","sticky":false,"template":"","format":"standard","meta":{"footnotes":""},"categories":[5],"tags":[],"class_list":["post-305","post","type-post","status-publish","format-standard","has-post-thumbnail","hentry","category-actualite"],"_links":{"self":[{"href":"https:\/\/afref.eu\/index.php\/wp-json\/wp\/v2\/posts\/305","targetHints":{"allow":["GET"]}}],"collection":[{"href":"https:\/\/afref.eu\/index.php\/wp-json\/wp\/v2\/posts"}],"about":[{"href":"https:\/\/afref.eu\/index.php\/wp-json\/wp\/v2\/types\/post"}],"author":[{"embeddable":true,"href":"https:\/\/afref.eu\/index.php\/wp-json\/wp\/v2\/users\/1"}],"replies":[{"embeddable":true,"href":"https:\/\/afref.eu\/index.php\/wp-json\/wp\/v2\/comments?post=305"}],"version-history":[{"count":1,"href":"https:\/\/afref.eu\/index.php\/wp-json\/wp\/v2\/posts\/305\/revisions"}],"predecessor-version":[{"id":306,"href":"https:\/\/afref.eu\/index.php\/wp-json\/wp\/v2\/posts\/305\/revisions\/306"}],"wp:featuredmedia":[{"embeddable":true,"href":"https:\/\/afref.eu\/index.php\/wp-json\/wp\/v2\/media\/293"}],"wp:attachment":[{"href":"https:\/\/afref.eu\/index.php\/wp-json\/wp\/v2\/media?parent=305"}],"wp:term":[{"taxonomy":"category","embeddable":true,"href":"https:\/\/afref.eu\/index.php\/wp-json\/wp\/v2\/categories?post=305"},{"taxonomy":"post_tag","embeddable":true,"href":"https:\/\/afref.eu\/index.php\/wp-json\/wp\/v2\/tags?post=305"}],"curies":[{"name":"wp","href":"https:\/\/api.w.org\/{rel}","templated":true}]}}