{"id":340,"date":"2024-06-17T02:02:33","date_gmt":"2024-06-17T00:02:33","guid":{"rendered":"https:\/\/afref.eu\/?p=340"},"modified":"2025-01-27T09:49:33","modified_gmt":"2025-01-27T08:49:33","slug":"disputaction-jeudi-20-juin-2024-comment-la-creation-de-france-travail-impacte-t-elle-les-partenariats","status":"publish","type":"post","link":"https:\/\/afref.eu\/index.php\/2024\/06\/17\/disputaction-jeudi-20-juin-2024-comment-la-creation-de-france-travail-impacte-t-elle-les-partenariats\/","title":{"rendered":"DISPUT&rsquo;ACTION &#8211; Jeudi 20 juin 2024 : \u00ab\u00a0Comment la cr\u00e9ation de France Travail impacte-t-elle les partenariats ?\u00a0\u00bb"},"content":{"rendered":"\t\t<div data-elementor-type=\"wp-post\" data-elementor-id=\"340\" class=\"elementor elementor-340\" data-elementor-post-type=\"post\">\n\t\t\t\t<div class=\"elementor-element elementor-element-f5e22e1 e-flex e-con-boxed e-con e-parent\" data-id=\"f5e22e1\" data-element_type=\"container\">\n\t\t\t\t\t<div class=\"e-con-inner\">\n\t\t\t\t<div class=\"elementor-element elementor-element-147177a elementor-widget elementor-widget-text-editor\" data-id=\"147177a\" data-element_type=\"widget\" data-widget_type=\"text-editor.default\">\n\t\t\t\t<div class=\"elementor-widget-container\">\n\t\t\t\t\t\t\t\t\t<p><\/p>\n<p>Le prochain DISPUT&rsquo;ACTION a lieu le 20 juin (17h30) sur la question : \u00ab <strong>Comment la cr\u00e9ation de France Travail impacte-t-elle les partenariats ?<\/strong> \u00bb<br \/>Intervenants : <strong>Laurence SALTER<\/strong>, Charg\u00e9e de mission aupr\u00e8s de la Directrice du Partenariat et de la Territorialisation , <strong>Isabelle RUOT<\/strong>, Chef de d\u00e9partement Ing\u00e9nierie Formation de la Direction du D\u00e9veloppement des Comp\u00e9tences dans les Territoires<strong>, Philippe TOURNEUR<\/strong>, Charg\u00e9 de mission.<\/p>\n<p><strong>D\u00e9roul\u00e9<\/strong>\u00a0:<\/p>\n<ul>\n<li><strong>Isabelle RUOT<\/strong>\u00a0: Orientations 2024 de France Travail<\/li>\n<li><strong>Laurence SALTER<\/strong>\u00a0: Pr\u00e9sentation des axes de partenariat dans le cadre de la feuille de route de France Travail,\n<ul>\n<li>Co-construire avec le r\u00e9seau pour l\u2019emploi \u00e9largi, des parcours usagers<\/li>\n<li>Rep\u00e9rer avec les partenaires les personnes les plus \u00e9loign\u00e9es de l\u2019emploi<\/li>\n<li>Proposer des solutions pour lever les freins \u00e0 l\u2019emploi<\/li>\n<li>Co-construire et partager des outils dont la cr\u00e9ation de l\u2019acad\u00e9mie France Travail<\/li>\n<\/ul>\n<\/li>\n<li><strong>Philippe TOURNEUR<\/strong>\u00a0: Actualit\u00e9s formation et r\u00e9ponses aux questions\n<ul>\n<li>Les march\u00e9s de formation \/ r\u00e9ponse aux besoins des territoires<\/li>\n<li>La POE<\/li>\n<li>Am\u00e9lioration continue des actions de formation<\/li>\n<\/ul>\n<\/li>\n<li>Questions R\u00e9ponses<\/li>\n<\/ul>\n<p>Mille mercis aux <strong>Compagnons du Devoir<\/strong> de nous accueillir, <strong>82, rue de l\u2019H\u00f4tel-de-Ville &#8211; 75004 PARIS<\/strong><\/p>\n<p>Le format disput&rsquo;action vise \u00e0 cr\u00e9er des espaces de prise de recul et d&rsquo;\u00e9change autour de la pr\u00e9sentation d&rsquo;un article et d&rsquo;une \u201cconfrontation\u201d des points de vue.<br \/>Pour s&rsquo;inscrire : <a href=\"https:\/\/www.helloasso.com\/associations\/afref\/evenements\/disput-action-20-juin-2024\">https:\/\/www.helloasso.com\/associations\/afref\/evenements\/disput-action-20-juin-2024<\/a><\/p>\n<p><\/p>\t\t\t\t\t\t\t\t<\/div>\n\t\t\t\t<\/div>\n\t\t\t\t\t<\/div>\n\t\t\t\t<\/div>\n\t\t\t\t<\/div>\n\t\t","protected":false},"excerpt":{"rendered":"<p>Intervenants\u00a0: Laurence Salt, Isabelle Ruot et Philippe Tourneur<\/p>\n","protected":false},"author":1,"featured_media":353,"comment_status":"open","ping_status":"open","sticky":false,"template":"","format":"standard","meta":{"footnotes":""},"categories":[6],"tags":[],"class_list":["post-340","post","type-post","status-publish","format-standard","has-post-thumbnail","hentry","category-activites"],"_links":{"self":[{"href":"https:\/\/afref.eu\/index.php\/wp-json\/wp\/v2\/posts\/340","targetHints":{"allow":["GET"]}}],"collection":[{"href":"https:\/\/afref.eu\/index.php\/wp-json\/wp\/v2\/posts"}],"about":[{"href":"https:\/\/afref.eu\/index.php\/wp-json\/wp\/v2\/types\/post"}],"author":[{"embeddable":true,"href":"https:\/\/afref.eu\/index.php\/wp-json\/wp\/v2\/users\/1"}],"replies":[{"embeddable":true,"href":"https:\/\/afref.eu\/index.php\/wp-json\/wp\/v2\/comments?post=340"}],"version-history":[{"count":14,"href":"https:\/\/afref.eu\/index.php\/wp-json\/wp\/v2\/posts\/340\/revisions"}],"predecessor-version":[{"id":473,"href":"https:\/\/afref.eu\/index.php\/wp-json\/wp\/v2\/posts\/340\/revisions\/473"}],"wp:featuredmedia":[{"embeddable":true,"href":"https:\/\/afref.eu\/index.php\/wp-json\/wp\/v2\/media\/353"}],"wp:attachment":[{"href":"https:\/\/afref.eu\/index.php\/wp-json\/wp\/v2\/media?parent=340"}],"wp:term":[{"taxonomy":"category","embeddable":true,"href":"https:\/\/afref.eu\/index.php\/wp-json\/wp\/v2\/categories?post=340"},{"taxonomy":"post_tag","embeddable":true,"href":"https:\/\/afref.eu\/index.php\/wp-json\/wp\/v2\/tags?post=340"}],"curies":[{"name":"wp","href":"https:\/\/api.w.org\/{rel}","templated":true}]}}