{"id":366,"date":"2024-06-17T13:40:05","date_gmt":"2024-06-17T11:40:05","guid":{"rendered":"https:\/\/afref.eu\/?p=366"},"modified":"2025-01-27T09:49:42","modified_gmt":"2025-01-27T08:49:42","slug":"disputaction-jeudi-19-septembre-2024-comment-tirer-parti-des-contraintes-pour-innover","status":"publish","type":"post","link":"https:\/\/afref.eu\/index.php\/2024\/06\/17\/disputaction-jeudi-19-septembre-2024-comment-tirer-parti-des-contraintes-pour-innover\/","title":{"rendered":"WEBINAIRE &#8211; Jeudi 19 septembre 2024 : \u00ab\u00a0Tirer parti des contraintes ? \u00ab\u00a0"},"content":{"rendered":"\t\t<div data-elementor-type=\"wp-post\" data-elementor-id=\"366\" class=\"elementor elementor-366\" data-elementor-post-type=\"post\">\n\t\t\t\t<div class=\"elementor-element elementor-element-8ad7545 e-flex e-con-boxed e-con e-parent\" data-id=\"8ad7545\" data-element_type=\"container\">\n\t\t\t\t\t<div class=\"e-con-inner\">\n\t\t\t\t<div class=\"elementor-element elementor-element-1fa4aa9 elementor-widget elementor-widget-heading\" data-id=\"1fa4aa9\" data-element_type=\"widget\" data-widget_type=\"heading.default\">\n\t\t\t\t<div class=\"elementor-widget-container\">\n\t\t\t\t\t<h2 class=\"elementor-heading-title elementor-size-default\">La DISPUT'ACTION aura\u00a0 lieu le Jeudi 19 septembre 2024 de 11h \u00e0 12h30 et sera un temps privil\u00e9gi\u00e9 de partage et de transmission de pratiques sur le th\u00e8me :<\/h2>\t\t\t\t<\/div>\n\t\t\t\t<\/div>\n\t\t\t\t<div class=\"elementor-element elementor-element-25a8e0a elementor-widget elementor-widget-heading\" data-id=\"25a8e0a\" data-element_type=\"widget\" data-widget_type=\"heading.default\">\n\t\t\t\t<div class=\"elementor-widget-container\">\n\t\t\t\t\t<h2 class=\"elementor-heading-title elementor-size-default\">\u00ab Tirer parti des contraintes \u00bb<\/h2>\t\t\t\t<\/div>\n\t\t\t\t<\/div>\n\t\t\t\t<div class=\"elementor-element elementor-element-e2214e2 elementor-widget elementor-widget-text-editor\" data-id=\"e2214e2\" data-element_type=\"widget\" data-widget_type=\"text-editor.default\">\n\t\t\t\t<div class=\"elementor-widget-container\">\n\t\t\t\t\t\t\t\t\t<p><\/p>\n<p><strong>Organisateurs et Intervenants :\u00a0<\/strong><\/p>\n<ul>\n<li><strong>Dominique FAUCONNIER<\/strong> (Intervenant ind\u00e9pendant, praticien, auteur du livre \u00ab\u00a0Tirer parti des contraintes\u00a0\u00bb aux \u00e9ditions Chronique Sociale)<\/li>\n<li><strong>Bertrand MIDOT<\/strong> (Ing\u00e9nieur p\u00e9dagogique)<\/li>\n<li><strong>Pierrette Sorel<\/strong> (ex Responsable formation \/ d\u00e9veloppement des comp\u00e9tences &#8211; consultante d\u00e9veloppement professionnel)<\/li>\n<\/ul>\n<p>Le format disput&rsquo;action vise \u00e0 cr\u00e9er des espaces de prise de recul et d&rsquo;\u00e9change autour de la pr\u00e9sentation d&rsquo;un article et d&rsquo;une \u201cconfrontation\u201d des points de vue.<\/p>\n<p><strong>Le but de ce webinaire DISPUT&rsquo;ACTION <\/strong>est de partager une approche reposant sur le fait de \u00ab<strong> Tirer parti des contraintes<\/strong> \u00bb qui favorise l\u2019innovation, le d\u00e9veloppement de l\u2019activit\u00e9 et l\u2019approfondissement des savoir-faire de chacun.<\/p>\n<p>Ce principe permet d\u2019identifier des points d\u2019entr\u00e9e dans l\u2019action, il ouvre \u00e0 une dynamique se nourrissant des contraintes rencontr\u00e9es dans l\u2019exercice\u00a0du m\u00e9tier et il donne des occasions aux acteurs d\u2019agir efficacement.<\/p>\n<p>Ce webinaire vise \u00e0 d\u00e9couvrir ou \u00e0 mieux conna\u00eetre cette approche, \u00e0 comprendre comment il est possible de la mettre en \u0153uvre et les \u00e9conomies de moyen qu\u2019elle permet.<\/p>\n<p>Afin de simplifier la pr\u00e9sentation, nous commencerons par 2 t\u00e9moignages\u00a0:<\/p>\n<ul>\n<li>L\u2019un pr\u00e9cisant la mise en \u0153uvre d\u2019une dynamique collective pour produire un plan de formation indispensable \u00e0 l\u2019ouverture d\u2019un nouveau centre op\u00e9rationnel de traitement (Pierrette).<\/li>\n<li>L\u2019autre d\u00e9crivant le parcours d\u2019appropriation et l\u2019efficacit\u00e9 du principe expos\u00e9 \u2013 Tirer parti des contraintes \u2013 par un professionnel de la p\u00e9dagogie (Bertrand).<\/li>\n<\/ul>\n<p>Ces 2 t\u00e9moignages serviront d\u2019exemples qui permettront \u00e0 Dominique d\u2019exposer cette approche et le principe qui la sous-tend.<\/p>\n<p>Un temps de questionnement est pr\u00e9vu.<\/p>\n<p><br \/><strong>Pour s&rsquo;inscrire : <a href=\"https:\/\/www.helloasso.com\/associations\/afref\/evenements\/disput-action-20-juin-17-h30-19-h00-2\" data-wplink-edit=\"true\">https:\/\/www.helloasso.com\/associations\/afref\/evenements\/disput-action-19-septembre-11-h00-12h00<\/a><\/strong><\/p>\n<p>\u00a0<\/p>\n<p><\/p>\t\t\t\t\t\t\t\t<\/div>\n\t\t\t\t<\/div>\n\t\t\t\t\t<\/div>\n\t\t\t\t<\/div>\n\t\t\t\t<\/div>\n\t\t","protected":false},"excerpt":{"rendered":"<p>La DISPUT&rsquo;ACTION aura\u00a0 lieu le Jeudi 19 septembre 2024 de 11h \u00e0 12h30 et sera un temps privil\u00e9gi\u00e9 de partage et de transmission de pratiques sur le th\u00e8me : \u00ab Tirer parti des contraintes \u00bb Organisateurs et Intervenants :\u00a0 Dominique FAUCONNIER (Intervenant ind\u00e9pendant, praticien, auteur du livre \u00ab\u00a0Tirer parti des contraintes\u00a0\u00bb aux \u00e9ditions Chronique Sociale) &hellip; <a href=\"https:\/\/afref.eu\/index.php\/2024\/06\/17\/disputaction-jeudi-19-septembre-2024-comment-tirer-parti-des-contraintes-pour-innover\/\" class=\"more-link\">Continuer la lecture<span class=\"screen-reader-text\"> de &laquo;&nbsp;WEBINAIRE &#8211; Jeudi 19 septembre 2024 : \u00ab\u00a0Tirer parti des contraintes ? \u00ab\u00a0&nbsp;&raquo;<\/span><\/a><\/p>\n","protected":false},"author":1,"featured_media":550,"comment_status":"open","ping_status":"open","sticky":false,"template":"","format":"standard","meta":{"footnotes":""},"categories":[6],"tags":[],"class_list":["post-366","post","type-post","status-publish","format-standard","has-post-thumbnail","hentry","category-activites"],"_links":{"self":[{"href":"https:\/\/afref.eu\/index.php\/wp-json\/wp\/v2\/posts\/366","targetHints":{"allow":["GET"]}}],"collection":[{"href":"https:\/\/afref.eu\/index.php\/wp-json\/wp\/v2\/posts"}],"about":[{"href":"https:\/\/afref.eu\/index.php\/wp-json\/wp\/v2\/types\/post"}],"author":[{"embeddable":true,"href":"https:\/\/afref.eu\/index.php\/wp-json\/wp\/v2\/users\/1"}],"replies":[{"embeddable":true,"href":"https:\/\/afref.eu\/index.php\/wp-json\/wp\/v2\/comments?post=366"}],"version-history":[{"count":40,"href":"https:\/\/afref.eu\/index.php\/wp-json\/wp\/v2\/posts\/366\/revisions"}],"predecessor-version":[{"id":565,"href":"https:\/\/afref.eu\/index.php\/wp-json\/wp\/v2\/posts\/366\/revisions\/565"}],"wp:featuredmedia":[{"embeddable":true,"href":"https:\/\/afref.eu\/index.php\/wp-json\/wp\/v2\/media\/550"}],"wp:attachment":[{"href":"https:\/\/afref.eu\/index.php\/wp-json\/wp\/v2\/media?parent=366"}],"wp:term":[{"taxonomy":"category","embeddable":true,"href":"https:\/\/afref.eu\/index.php\/wp-json\/wp\/v2\/categories?post=366"},{"taxonomy":"post_tag","embeddable":true,"href":"https:\/\/afref.eu\/index.php\/wp-json\/wp\/v2\/tags?post=366"}],"curies":[{"name":"wp","href":"https:\/\/api.w.org\/{rel}","templated":true}]}}