{"id":675,"date":"2024-12-18T04:00:14","date_gmt":"2024-12-18T03:00:14","guid":{"rendered":"https:\/\/afref.eu\/?p=675"},"modified":"2025-03-17T00:46:22","modified_gmt":"2025-03-16T23:46:22","slug":"disputaction-jeudi-16-janvier-2025-2","status":"publish","type":"post","link":"https:\/\/afref.eu\/index.php\/2024\/12\/18\/disputaction-jeudi-16-janvier-2025-2\/","title":{"rendered":"WEBINAIRE &#8211; Jeudi 10 Avril 2025 : \u00ab\u00a0\u00ab\u00a0Comment la formation continue contribue-t-elle \u00e0 la transition \u00e9cologique :\u00a0 former pour transformer ?\u00a0\u00bb Avec C\u00e9cile De Calan, The Shift Projet, \u00e0 l&rsquo;occasion de la sortie du Shift Project Rapport"},"content":{"rendered":"\t\t<div data-elementor-type=\"wp-post\" data-elementor-id=\"675\" class=\"elementor elementor-675\" data-elementor-post-type=\"post\">\n\t\t\t\t<div class=\"elementor-element elementor-element-78a09cd e-flex e-con-boxed e-con e-parent\" data-id=\"78a09cd\" data-element_type=\"container\">\n\t\t\t\t\t<div class=\"e-con-inner\">\n\t\t\t\t<div class=\"elementor-element elementor-element-7a02392 elementor-widget elementor-widget-text-editor\" data-id=\"7a02392\" data-element_type=\"widget\" data-widget_type=\"text-editor.default\">\n\t\t\t\t<div class=\"elementor-widget-container\">\n\t\t\t\t\t\t\t\t\t<p>WEBINAIRE &#8211; Jeudi 10 Avril 2025 : \u00ab\u00a0Comment la formation continue contribue-t-elle \u00e0 la transition \u00e9cologique : former pour transformer ?\u00a0\u00bb Avec C\u00e9cile De Calan, The Shift Projet, \u00e0 l&rsquo;occasion de la sortie du Shift Project Rapport<\/p>\n<p>Le format disput&rsquo;action vise \u00e0 cr\u00e9er des espaces de prise de recul et d&rsquo;\u00e9change autour de la pr\u00e9sentation d&rsquo;un article et d&rsquo;une \u201cconfrontation\u201d des points de vue.<br \/>Pour s&rsquo;inscrire : (\u00e0 venir)<\/p>\n<p><!-- \/wp:paragraph --><\/p>\t\t\t\t\t\t\t\t<\/div>\n\t\t\t\t<\/div>\n\t\t\t\t\t<\/div>\n\t\t\t\t<\/div>\n\t\t\t\t<\/div>\n\t\t","protected":false},"excerpt":{"rendered":"<p>WEBINAIRE &#8211; Jeudi 10 Avril 2025 : \u00ab\u00a0Comment la formation continue contribue-t-elle \u00e0 la transition \u00e9cologique : former pour transformer ?\u00a0\u00bb Avec C\u00e9cile De Calan, The Shift Projet, \u00e0 l&rsquo;occasion de la sortie du Shift Project Rapport Le format disput&rsquo;action vise \u00e0 cr\u00e9er des espaces de prise de recul et d&rsquo;\u00e9change autour de la pr\u00e9sentation &hellip; <a href=\"https:\/\/afref.eu\/index.php\/2024\/12\/18\/disputaction-jeudi-16-janvier-2025-2\/\" class=\"more-link\">Continuer la lecture<span class=\"screen-reader-text\"> de &laquo;&nbsp;WEBINAIRE &#8211; Jeudi 10 Avril 2025 : \u00ab\u00a0\u00ab\u00a0Comment la formation continue contribue-t-elle \u00e0 la transition \u00e9cologique :\u00a0 former pour transformer ?\u00a0\u00bb Avec C\u00e9cile De Calan, The Shift Projet, \u00e0 l&rsquo;occasion de la sortie du Shift Project Rapport&nbsp;&raquo;<\/span><\/a><\/p>\n","protected":false},"author":1,"featured_media":7,"comment_status":"closed","ping_status":"open","sticky":false,"template":"","format":"standard","meta":{"footnotes":""},"categories":[6,11],"tags":[],"class_list":["post-675","post","type-post","status-publish","format-standard","has-post-thumbnail","hentry","category-activites","category-en_cours"],"_links":{"self":[{"href":"https:\/\/afref.eu\/index.php\/wp-json\/wp\/v2\/posts\/675","targetHints":{"allow":["GET"]}}],"collection":[{"href":"https:\/\/afref.eu\/index.php\/wp-json\/wp\/v2\/posts"}],"about":[{"href":"https:\/\/afref.eu\/index.php\/wp-json\/wp\/v2\/types\/post"}],"author":[{"embeddable":true,"href":"https:\/\/afref.eu\/index.php\/wp-json\/wp\/v2\/users\/1"}],"replies":[{"embeddable":true,"href":"https:\/\/afref.eu\/index.php\/wp-json\/wp\/v2\/comments?post=675"}],"version-history":[{"count":8,"href":"https:\/\/afref.eu\/index.php\/wp-json\/wp\/v2\/posts\/675\/revisions"}],"predecessor-version":[{"id":731,"href":"https:\/\/afref.eu\/index.php\/wp-json\/wp\/v2\/posts\/675\/revisions\/731"}],"wp:featuredmedia":[{"embeddable":true,"href":"https:\/\/afref.eu\/index.php\/wp-json\/wp\/v2\/media\/7"}],"wp:attachment":[{"href":"https:\/\/afref.eu\/index.php\/wp-json\/wp\/v2\/media?parent=675"}],"wp:term":[{"taxonomy":"category","embeddable":true,"href":"https:\/\/afref.eu\/index.php\/wp-json\/wp\/v2\/categories?post=675"},{"taxonomy":"post_tag","embeddable":true,"href":"https:\/\/afref.eu\/index.php\/wp-json\/wp\/v2\/tags?post=675"}],"curies":[{"name":"wp","href":"https:\/\/api.w.org\/{rel}","templated":true}]}}