{"id":862,"date":"2026-04-13T09:40:17","date_gmt":"2026-04-13T07:40:17","guid":{"rendered":"https:\/\/afref.eu\/?p=862"},"modified":"2026-04-21T15:54:03","modified_gmt":"2026-04-21T13:54:03","slug":"cafe-pedagogique-afref-et-vous-concretement-comment-ca-se-passe","status":"publish","type":"post","link":"https:\/\/afref.eu\/index.php\/2026\/04\/13\/cafe-pedagogique-afref-et-vous-concretement-comment-ca-se-passe\/","title":{"rendered":"Caf\u00e9 p\u00e9dagogique AFREF-jeudi 23 avril 2026 :\u201cET VOUS, CONCRETEMENT, COMMENT \u00c7A SE PASSE ?\u201d"},"content":{"rendered":"\n<p><strong>jeudi 23 avril 2026 de 14h00 \u00c0 16h00<\/strong>, au c\u0153ur de la <strong><em>Biennale Internationale de l&rsquo;\u00e9ducation, de la formation et des pratiques professionnelles<\/em><\/strong> dans son \u00e9dition 2026, l&rsquo;AFREF vous invite \u00e0 vivre le th\u00e8me pos\u00e9 par cette Biennale \u00ab\u00a0Faire exp\u00e9riences\u00a0\u00bb;<\/p>\n\n\n\n<p>Un&nbsp;apr\u00e8s-midi pour se rencontrer, partager nos r\u00e9alit\u00e9s de terrain et mettre en discussion ce que nous vivons concr\u00e8tement dans nos pratiques de formation, d\u2019accompagnement et d\u2019orientation.<\/p>\n\n\n\n<p>&nbsp;Cet espace de rencontre, ouvert \u00e0 toutes celles et ceux qui nous connaissent d\u00e9j\u00e0\u2026 ou pas encore, vous propose d\u2019\u00e9changer \u00e0 partir de vos exp\u00e9riences :<\/p>\n\n\n\n<ul class=\"wp-block-list\">\n<li>ce qui fonctionne,<\/li>\n\n\n\n<li>ce qui questionne,<\/li>\n\n\n\n<li>ce qui met en tension\u2026<\/li>\n<\/ul>\n\n\n\n<p>\u2026pour en tirer ensemble des pistes utiles et activables.<\/p>\n\n\n\n<p>Dans le cadre de la \u00ab\u00a0Biennale internationale de l&rsquo;\u00e9ducation, la formation et des pratiques professionnelles\u00a0\u00bb dont le th\u00e8me de cette ann\u00e9e&nbsp; \u201cFaire exp\u00e9riences\u201d, nous vous invitons \u00e0 explorer une question simple :<\/p>\n\n\n\n<p><strong><em>Comment faisons-nous r\u00e9ellement exp\u00e9rience dans nos m\u00e9tiers, et qu\u2019est-ce que cela produit sur nos pratiques ?<\/em><\/strong><\/p>\n\n\n\n<p><strong>POURQUOI CE CAFE PEDAGOGIQUE AUJOURD\u2019HUI ?<\/strong><\/p>\n\n\n\n<p>Depuis plusieurs ann\u00e9es, les \u00e9volutions du champ de la formation (r\u00e9formes, logiques de financement, normalisation des pratiques) transforment en profondeur les mani\u00e8res d\u2019apprendre, d\u2019accompagner et de travailler.<\/p>\n\n\n\n<p>Sur le terrain, cela se traduit par :<\/p>\n\n\n\n<ul class=\"wp-block-list\">\n<li>des&nbsp;pratiques qui \u00e9voluent, parfois sous contrainte,<\/li>\n<\/ul>\n\n\n\n<ul class=\"wp-block-list\">\n<li>des tensions entre finalit\u00e9s humaines et logiques de march\u00e9<\/li>\n\n\n\n<li>des professionnels en recherche de sens, de marges de man\u0153uvre et de solutions concr\u00e8tes.<\/li>\n<\/ul>\n\n\n\n<p><strong>NOTRE PROPOSITION<\/strong><\/p>\n\n\n\n<ul class=\"wp-block-list\">\n<li>Partir de vos situations r\u00e9elles<\/li>\n\n\n\n<li>Mettre en commun les exp\u00e9riences v\u00e9cues<\/li>\n\n\n\n<li>Identifier ensemble des questions cl\u00e9s et des \u201cfils \u00e0 tirer\u201d<\/li>\n\n\n\n<li>Esquisser des pistes d\u2019action concr\u00e8tes<\/li>\n<\/ul>\n\n\n\n<p>Nous animerons un espace d\u2019\u00e9changes structur\u00e9, ancr\u00e9 dans les pratiques, avec pour objectif de produire une premi\u00e8re synth\u00e8se collective utile, qui alimentera les travaux futurs de l\u2019association (groupes de travail, prochains \u00e9v\u00e9nements, ressources partag\u00e9es).<\/p>\n\n\n\n<p><strong>COMMENT \u00c7A SE PASSE CONCR\u00c8TEMENT ?<\/strong><\/p>\n\n\n\n<ul class=\"wp-block-list\">\n<li>Des \u00e9changes en petits groupes \u00e0 partir de situations concr\u00e8tes<\/li>\n\n\n\n<li>Des temps de mise en commun<\/li>\n\n\n\n<li>Une capitalisation des id\u00e9es et pistes d\u2019action.<\/li>\n<\/ul>\n\n\n\n<p><strong>POUR QUI ?<\/strong><\/p>\n\n\n\n<p>Professionnels de la formation, de l\u2019accompagnement, de l\u2019orientation, acteurs du CEP, responsables, formateurs, consultants\u2026<\/p>\n\n\n\n<p>Toutes celles et ceux qui souhaitent prendre du recul, partager et contribuer \u00e0 construire des r\u00e9ponses ancr\u00e9es dans le r\u00e9el.<\/p>\n\n\n\n<p><strong>ET APR\u00c8S ?<\/strong><\/p>\n\n\n\n<p>Les \u00e9changes ne s\u2019arr\u00eatent pas l\u00e0 : ils nourriront les r\u00e9flexions de l\u2019AFREF et pourront donner lieu \u00e0 des suites concr\u00e8tes (groupes de travail, productions, nouveaux temps d\u2019\u00e9change). Les participants seront invit\u00e9s \u00e0 prolonger la dynamique.<\/p>\n\n\n\n<p>Nous rejoindre et participer  :inscription sur site de la Biennale : <a href=\"https:\/\/labiennale-education.eu\/les-inscriptions\/s-inscrire\/\">S\u2019inscrire\/adh\u00e9rer \u2013 labiennale-education<\/a><\/p>\n\n\n\n<p><strong>Quand  : le jeudi 23 avril de 14 h \u00e0 16h<\/strong><\/p>\n\n\n\n<p><strong>O\u00f9 : au Conservatoire national des arts et m\u00e9tiers<br>292 rue Saint-Martin 75003 Paris<\/strong><\/p>\n\n\n\n<p>Prendre connaissance du <strong>MANIFESTE DE L\u2019AFREF<\/strong><\/p>\n\n\n\n<p><strong><em>Une d\u00e9cennie marqu\u00e9e par l\u2019\u00e9laboration d\u2019un nouveau cadre d\u2019exercice de la formation<\/em><\/strong><\/p>\n\n\n\n<p><em>Depuis la promulgation de la loi du 05 septembre 2018 \u00ab pour la libert\u00e9 de choisir son avenir professionnel \u00bb, l\u2019AFREF a organis\u00e9 de nombreux d\u00e9bats et \u00e9changes pour et avec les diff\u00e9rents acteurs et organisations parties prenantes d\u2019un nouveau cadre normatif en voie de constitution. Ceux-ci ont notamment contribu\u00e9 \u00e0 clarifier et mettre en question les conditions de son institutionnalisation, de ses financements, de ses mises en \u0153uvre.<\/em>&nbsp;<\/p>\n\n\n\n<p><strong><em>L\u2019\u00e9mergence de nouvelles pratiques en qu\u00eate de capitalisation<\/em><\/strong><\/p>\n\n\n\n<p><em>Ces \u00e9changes ont fait \u00e9merger, au-del\u00e0 des seuls enjeux institutionnels, organisationnels et financiers l\u2019\u00e9mergence de \u00ab&nbsp;pratiques de l\u2019apprendre&nbsp;\u00bb singuli\u00e8res, d\u00e9velopp\u00e9es par un certain nombre d\u2019acteurs (notamment les organismes de formation ou les structures d\u2019accompagnement) et ancr\u00e9es dans des dynamiques collaboratives, apprenantes, syst\u00e9miques et de proximit\u00e9.<\/em><\/p>\n\n\n\n<p><em>Cependant, au regard des ambitions humaines et d\u00e9mocratiques qui animent traditionnellement leur champ d\u2019intervention, bon nombre de ces acteurs apparaissent aujourd\u2019hui \u00ab en souffrance\u00bb car leurs approches ne cadrent pas avec la vision dominante d\u2019un \u00ab&nbsp;\u00e9cosyst\u00e8me de la formation&nbsp;\u00bb dans lequel chaque individu, quel que soit son niveau de d\u00e9part, se doit se constituer et faire fructifier son \u00ab capital humain \u00bb singulier, \u00ab&nbsp;n\u00e9gociable&nbsp;\u00bb sur le march\u00e9 du travail. Et ils ne trouvent que rarement des espaces qui leur permettent d\u2019\u00e9changer sur et de capitaliser leurs pratiques pour \u00e9tablir une base de r\u00e9f\u00e9rence commune novatrice.<\/em><\/p>\n\n\n\n<p><strong><em>L\u2019AFREF, support d\u2019un espace de production collective d\u2019une vision partag\u00e9e<\/em><\/strong><\/p>\n\n\n\n<p><em>Pour r\u00e9pondre \u00e0 ces questions et dans la perspective r\u00e9solument \u00ab \u00e9mancipatrice \u00bb inscrite dans ses fondements, l\u2019AFREF consid\u00e8re comme indispensable, d\u2019\u0153uvrer avec ses membres et partenaires pour conduire \u00e0 poser les bases d\u2019une pens\u00e9e critique renouvel\u00e9e, s\u2019appuyant sur des pratiques de formation et d\u2019accompagnement repens\u00e9es. Celles-ci visant \u00e0 redonner une libert\u00e9 politique et citoyenne, actuellement confisqu\u00e9e au profit d\u2019une libert\u00e9 lib\u00e9rale attach\u00e9e \u00e0 la personne mise en responsabilit\u00e9 d\u2019elle-m\u00eame et faisant l\u2019objet d\u2019une reconnaissance sociale dominante.<\/em><\/p>\n\n\n\n<p><em>L\u2019AFREF soutient qu\u2019il est plus que jamais n\u00e9cessaire que les acteurs de la formation et de l\u2019accompagnement disposent d&rsquo;un espace ouvert de d\u00e9bats pour&nbsp;:<\/em><\/p>\n\n\n\n<ul class=\"wp-block-list\">\n<li><strong><em>Rendre visibles, valoriser et mutualiser les exp\u00e9rimentations inspirantes &nbsp;<\/em><\/strong><\/li>\n<\/ul>\n\n\n\n<p><em>Il s\u2019agit de promouvoir l\u2019expression et la compr\u00e9hension par les acteurs eux-m\u00eames de leur v\u00e9cu, de la fa\u00e7on dont ils mettent \u00ab&nbsp;en jeu&nbsp;\u00bb&nbsp;leur engagement personnel, leurs intentions &#8211; leur perception de \u00ab&nbsp;la demande&nbsp;\u00bb, des contextes, injonctions, contraintes qui les entourent &#8211; les opportunit\u00e9s qu\u2019ils trouvent dans l\u2019expression des \u00ab&nbsp;attentes des \u00ab apprenants \u00bb ou dans leurs choix de pratiques p\u00e9dagogiques\u2026..<\/em><\/p>\n\n\n\n<p><em>In fine, comment ils en \u00ab&nbsp;font l\u2019exp\u00e9rience&nbsp;\u00bb singuli\u00e8rement et collectivement afin qu\u2019\u00e9merge \u00ab&nbsp;le r\u00e9el&nbsp;\u00bb de leur activit\u00e9 et \u00ab&nbsp;des syst\u00e8mes&nbsp;\u00bb dans lesquels ils \u00e9voluent et sont parties prenantes et que puissent \u00eatre mis en mot et en sens l\u2019\u00e9laboration de possibles et des dynamiques de mutualisation.<\/em><\/p>\n\n\n\n<p>Avril 2026<\/p>\n\n\n\n<p><\/p>\n\n\n\n\n\n<div data-wp-interactive=\"core\/file\" class=\"wp-block-file\"><object data-wp-bind--hidden=\"!state.hasPdfPreview\" hidden class=\"wp-block-file__embed\" data=\"https:\/\/afref.eu\/wp-content\/uploads\/2026\/04\/programme-complet-biennale-22-23-24-avril-2026.pdf\" type=\"application\/pdf\" style=\"width:100%;height:600px\" aria-label=\"Contenu embarqu\u00e9 programme-complet-biennale-22-23-24-avril-2026.\"><\/object><a id=\"wp-block-file--media-87a91be0-b6fe-441c-9399-9101f950435c\" href=\"https:\/\/afref.eu\/wp-content\/uploads\/2026\/04\/programme-complet-biennale-22-23-24-avril-2026.pdf\">programme-complet-biennale-22-23-24-avril-2026<\/a><a href=\"https:\/\/afref.eu\/wp-content\/uploads\/2026\/04\/programme-complet-biennale-22-23-24-avril-2026.pdf\" class=\"wp-block-file__button wp-element-button\" download aria-describedby=\"wp-block-file--media-87a91be0-b6fe-441c-9399-9101f950435c\">T\u00e9l\u00e9charger<\/a><\/div>\n","protected":false},"excerpt":{"rendered":"<p>jeudi 23 avril 2026 de 14h00 \u00c0 16h00, au c\u0153ur de la Biennale Internationale de l&rsquo;\u00e9ducation, de la formation et des pratiques professionnelles dans son \u00e9dition 2026, l&rsquo;AFREF vous invite \u00e0 vivre le th\u00e8me pos\u00e9 par cette Biennale \u00ab\u00a0Faire exp\u00e9riences\u00a0\u00bb; Un&nbsp;apr\u00e8s-midi pour se rencontrer, partager nos r\u00e9alit\u00e9s de terrain et mettre en discussion ce que &hellip; <a href=\"https:\/\/afref.eu\/index.php\/2026\/04\/13\/cafe-pedagogique-afref-et-vous-concretement-comment-ca-se-passe\/\" class=\"more-link\">Continuer la lecture<span class=\"screen-reader-text\"> de &laquo;&nbsp;Caf\u00e9 p\u00e9dagogique AFREF-jeudi 23 avril 2026 :\u201cET VOUS, CONCRETEMENT, COMMENT \u00c7A SE PASSE ?\u201d&nbsp;&raquo;<\/span><\/a><\/p>\n","protected":false},"author":1,"featured_media":0,"comment_status":"open","ping_status":"open","sticky":false,"template":"","format":"standard","meta":{"footnotes":""},"categories":[6,5],"tags":[],"class_list":["post-862","post","type-post","status-publish","format-standard","hentry","category-activites","category-actualite"],"_links":{"self":[{"href":"https:\/\/afref.eu\/index.php\/wp-json\/wp\/v2\/posts\/862","targetHints":{"allow":["GET"]}}],"collection":[{"href":"https:\/\/afref.eu\/index.php\/wp-json\/wp\/v2\/posts"}],"about":[{"href":"https:\/\/afref.eu\/index.php\/wp-json\/wp\/v2\/types\/post"}],"author":[{"embeddable":true,"href":"https:\/\/afref.eu\/index.php\/wp-json\/wp\/v2\/users\/1"}],"replies":[{"embeddable":true,"href":"https:\/\/afref.eu\/index.php\/wp-json\/wp\/v2\/comments?post=862"}],"version-history":[{"count":7,"href":"https:\/\/afref.eu\/index.php\/wp-json\/wp\/v2\/posts\/862\/revisions"}],"predecessor-version":[{"id":890,"href":"https:\/\/afref.eu\/index.php\/wp-json\/wp\/v2\/posts\/862\/revisions\/890"}],"wp:attachment":[{"href":"https:\/\/afref.eu\/index.php\/wp-json\/wp\/v2\/media?parent=862"}],"wp:term":[{"taxonomy":"category","embeddable":true,"href":"https:\/\/afref.eu\/index.php\/wp-json\/wp\/v2\/categories?post=862"},{"taxonomy":"post_tag","embeddable":true,"href":"https:\/\/afref.eu\/index.php\/wp-json\/wp\/v2\/tags?post=862"}],"curies":[{"name":"wp","href":"https:\/\/api.w.org\/{rel}","templated":true}]}}